[{"@context":"https:\/\/schema.org\/","@type":"Article","@id":"https:\/\/www.bedex.sk\/objavte-stoly-a-stolicky-do-konferencnej-miestnosti-ktore-by-ste-si-mali-kupit\/#Article","mainEntityOfPage":"https:\/\/www.bedex.sk\/objavte-stoly-a-stolicky-do-konferencnej-miestnosti-ktore-by-ste-si-mali-kupit\/","headline":"Objavte stoly a stoli\u010dky do konferen\u010dnej miestnosti, ktor\u00e9 by ste si mali k\u00fapi\u0165","name":"Objavte stoly a stoli\u010dky do konferen\u010dnej miestnosti, ktor\u00e9 by ste si mali k\u00fapi\u0165","description":"Ka\u017ed\u00fd si ur\u010dite uvedomuje, \u017ee konferen\u010dn\u00e1 miestnos\u0165 je v ka\u017edej firme osobitn\u00fdm miestom. To v\u0161etko preto, \u017ee sa tu konaj\u00fa najr\u00f4znej\u0161ie obchodn\u00e9 stretnutia, stretnutia zamestnancov, porady, \u0161kolenia a konferencie. Preto je pre mnoh\u00fdch \u013eud\u00ed reprezentat\u00edvnym miestom. Je to ak\u00e1si vizitka spolo\u010dnosti. Preto ka\u017ed\u00fd chce, aby bol vybaven\u00fd \u010do najlep\u0161ie. Je samozrejm\u00e9, \u017ee st\u00f4l a stoli\u010dky [&hellip;]","datePublished":"2022-08-21","dateModified":"2022-08-21","author":{"@type":"Person","@id":"https:\/\/www.bedex.sk\/author\/#Person","name":"","url":"https:\/\/www.bedex.sk\/author\/","identifier":1,"image":{"@type":"ImageObject","@id":"https:\/\/secure.gravatar.com\/avatar\/ee69a086fc043006d66000ff5e288b6b088fc8fa323128f3849437410a854832?s=96&d=mm&r=g","url":"https:\/\/secure.gravatar.com\/avatar\/ee69a086fc043006d66000ff5e288b6b088fc8fa323128f3849437410a854832?s=96&d=mm&r=g","height":96,"width":96}},"publisher":{"@type":"Organization","name":"bedex.sk","logo":{"@type":"ImageObject","@id":"\/logo.png","url":"\/logo.png","width":600,"height":60}},"image":{"@type":"ImageObject","@id":"https:\/\/www.bedex.sk\/wp-content\/uploads\/konferecni_stul_VfRQ7E.jpg","url":"https:\/\/www.bedex.sk\/wp-content\/uploads\/konferecni_stul_VfRQ7E.jpg","height":0,"width":0},"url":"https:\/\/www.bedex.sk\/objavte-stoly-a-stolicky-do-konferencnej-miestnosti-ktore-by-ste-si-mali-kupit\/","about":["Www"],"wordCount":555,"articleBody":"   Ka\u017ed\u00fd si ur\u010dite uvedomuje, \u017ee konferen\u010dn\u00e1 miestnos\u0165 je v ka\u017edej firme osobitn\u00fdm miestom. To v\u0161etko preto, \u017ee sa tu konaj\u00fa najr\u00f4znej\u0161ie obchodn\u00e9 stretnutia, stretnutia zamestnancov, porady, \u0161kolenia a konferencie. Preto je pre mnoh\u00fdch \u013eud\u00ed reprezentat\u00edvnym miestom. Je to ak\u00e1si vizitka spolo\u010dnosti. Preto ka\u017ed\u00fd chce, aby bol vybaven\u00fd \u010do najlep\u0161ie. Je samozrejm\u00e9, \u017ee st\u00f4l a stoli\u010dky s\u00fa v takomto priestore nevyhnutnos\u0165ou. V ide\u00e1lnom pr\u00edpade by to mali by\u0165 aj pohodln\u00e9 stoli\u010dky. Nejde v\u0161ak len o pohodlie. N\u00e1bytok mus\u00ed by\u0165 tie\u017e ve\u013emi funk\u010dn\u00fd. Ako si teda vybra\u0165 ide\u00e1lny konferen\u010dn\u00fd st\u00f4l? V tomto \u010dl\u00e1nku sa pok\u00fasime vybra\u0165 stoly a stoli\u010dky, ktor\u00e9 sa oplat\u00ed k\u00fapi\u0165 do konferen\u010dnej miestnosti. Ak teda niekto rie\u0161i dilemu a nie je si \u00faplne ist\u00fd, ak\u00e9 je najlep\u0161ie rie\u0161enie, najm\u00e4 pre jeho spolo\u010dnos\u0165, mal by si ur\u010dite pre\u010d\u00edta\u0165 tento text.  Ktor\u00e9 stoli\u010dky sa oplat\u00ed k\u00fapi\u0165 do konferen\u010dnej miestnosti? Ako viete, obchody s n\u00e1bytkom pon\u00fakaj\u00fa \u0161irok\u00fa \u0161k\u00e1lu stoli\u010diek, ktor\u00e9 s\u00fa vhodn\u00e9 ako vybavenie konferen\u010dn\u00fdch miestnost\u00ed. M\u00f4\u017eete si ich k\u00fapi\u0165 v papiernictve aj online, kde je v\u00e4\u010d\u0161\u00ed a ove\u013ea lacnej\u0161\u00ed v\u00fdber. Pri v\u00fdbere stoli\u010dky je najd\u00f4le\u017eitej\u0161ie, aby bola pohodln\u00e1. Pri k\u00fape sedadiel preto mus\u00edte bra\u0165 do \u00favahy aj pr\u00edpadn\u00e9 mo\u017enosti nieko\u013ekohodinov\u00fdch stretnut\u00ed. Ak je stoli\u010dka nepohodln\u00e1, m\u00f4\u017ee sa objavi\u0165 boles\u0165 chrbta a k\u013abov.  M\u00f4\u017eete si vybra\u0165 tvarovan\u00fa stoli\u010dku s ergonomick\u00fdm dizajnom. Je to v\u0161ak dobr\u00e1 vo\u013eba len vtedy, ak je miestnos\u0165, v ktorej sa zasadacia miestnos\u0165 nach\u00e1dza, ve\u013ek\u00e1 a priestrann\u00e1. \u010eal\u0161\u00edm d\u00f4le\u017eit\u00fdm pravidlom je, \u017ee sedadlo mus\u00ed ma\u0165 kovov\u00fd r\u00e1m. Dreven\u00e9 a plastov\u00e9 s\u00fa \u00faplne nevhodn\u00e9 na sedenie pri nieko\u013ekohodinov\u00fdch stretnutiach. M\u00f4\u017eeme si vybra\u0165 aj oto\u010dn\u00e9 stoli\u010dky alebo stoli\u010dky na ly\u017ein\u00e1ch \u010di no\u017ei\u010dk\u00e1ch. A ak\u00fd materi\u00e1l bude najlep\u0161\u00ed? Ur\u010dite z pr\u00edrodnej alebo ekologickej ko\u017ee. Mus\u00ed by\u0165 \u013eahko um\u00fdvate\u013en\u00fd. M\u00f4\u017eete si tie\u017e vybra\u0165 stoli\u010dky s \u010dal\u00fanen\u00edm, najlep\u0161ie v tmavej farbe, aby pr\u00edpadn\u00e9 ne\u010distoty neboli tak vidite\u013en\u00e9.  Ak\u00fd st\u00f4l je najlep\u0161ie k\u00fapi\u0165 do konferen\u010dnej miestnosti? Ako viete, st\u00f4l je tie\u017e z\u00e1kladn\u00fdm kusom n\u00e1bytku, ktor\u00fd by sa mal nach\u00e1dza\u0165 v konferen\u010dnej miestnosti. M\u00f4\u017eeme si vybra\u0165 obd\u013a\u017enikov\u00e9, \u0161tvorcov\u00e9 alebo okr\u00fahle vrcholy. Ako v\u0161ak viete, v\u00fdber mus\u00ed by\u0165 primeran\u00fd ve\u013ekosti miestnosti. Ob\u013e\u00faben\u00e9 s\u00fa aj dreven\u00e9, kovov\u00e9 alebo dreven\u00e9 stoly s kovov\u00fdmi nohami. Najlep\u0161ie je vybra\u0165 si st\u00f4l vysok\u00fd 70 cm. Tak\u00fdto je z\u010faleka najpohodlnej\u0161\u00ed. Odpor\u00fa\u010daj\u00fa sa aj skladacie stoly. V\u00fdber je naozaj ve\u013ek\u00fd. Kone\u010dn\u00e9 rozhodnutie v\u0161ak z\u00e1vis\u00ed len od n\u00e1s. Je d\u00f4le\u017eit\u00e9, aby bol tak\u00fdto st\u00f4l prisp\u00f4soben\u00fd na\u0161im potreb\u00e1m a sp\u013a\u0148al v\u0161etky na\u0161e o\u010dak\u00e1vania. T\u00fdm sa zabezpe\u010d\u00ed, \u017ee nech u\u017e bude ma\u0165 ak\u00fdko\u013evek tvar, bude praktick\u00fd a my budeme so svoj\u00edm v\u00fdberom spokojn\u00ed.                                                                                                                                                                                                                                                                                                                                                                                          4.4\/5 - (8 votes)        "},{"@context":"https:\/\/schema.org\/","@type":"BreadcrumbList","itemListElement":[{"@type":"ListItem","position":1,"name":"Objavte stoly a stoli\u010dky do konferen\u010dnej miestnosti, ktor\u00e9 by ste si mali k\u00fapi\u0165","item":"https:\/\/www.bedex.sk\/objavte-stoly-a-stolicky-do-konferencnej-miestnosti-ktore-by-ste-si-mali-kupit\/#breadcrumbitem"}]}]