[{"@context":"https:\/\/schema.org\/","@type":"Article","@id":"https:\/\/www.bedex.sk\/ako-vyuzivate-susicku\/#Article","mainEntityOfPage":"https:\/\/www.bedex.sk\/ako-vyuzivate-susicku\/","headline":"Ako vyu\u017e\u00edvate su\u0161i\u010dku?","name":"Ako vyu\u017e\u00edvate su\u0161i\u010dku?","description":"Kto nem\u00e1 su\u0161i\u010dku, v\u00a0dne\u0161nej dobe akoby ani neexistoval. Priznajte si, m\u00e1te ju doma? Pou\u017e\u00edvate ju skoro ka\u017ed\u00fd de\u0148? Alebo patr\u00edte medzi \u013eud\u00ed, ktor\u00ed si e\u0161te su\u0161i\u010dku pr\u00e1dla nek\u00fapili?\u00a0Su\u0161i\u010dka bielizne je v\u00a0dne\u0161nej dobe ve\u013emi roz\u0161\u00edren\u00e1. Za\u010d\u00edna ju pou\u017e\u00edva\u0165 \u010doraz viac \u013eud\u00ed. St\u00e1va sa neodmyslite\u013enou s\u00fa\u010das\u0165ou ka\u017edej dom\u00e1cnosti. M\u00e1te ju u\u017e aj vy? Ak patr\u00edte k\u00a0\u013eu\u010fom, \u010do [&hellip;]","datePublished":"2023-08-17","dateModified":"2023-08-17","author":{"@type":"Person","@id":"https:\/\/www.bedex.sk\/author\/#Person","name":"","url":"https:\/\/www.bedex.sk\/author\/","identifier":1,"image":{"@type":"ImageObject","@id":"https:\/\/secure.gravatar.com\/avatar\/ee69a086fc043006d66000ff5e288b6b088fc8fa323128f3849437410a854832?s=96&d=mm&r=g","url":"https:\/\/secure.gravatar.com\/avatar\/ee69a086fc043006d66000ff5e288b6b088fc8fa323128f3849437410a854832?s=96&d=mm&r=g","height":96,"width":96}},"publisher":{"@type":"Organization","name":"bedex.sk","logo":{"@type":"ImageObject","@id":"\/logo.png","url":"\/logo.png","width":600,"height":60}},"image":{"@type":"ImageObject","@id":"https:\/\/www.bedex.sk\/wp-content\/uploads\/washing-machine-2668472_640_2.jpg","url":"https:\/\/www.bedex.sk\/wp-content\/uploads\/washing-machine-2668472_640_2.jpg","height":0,"width":0},"url":"https:\/\/www.bedex.sk\/ako-vyuzivate-susicku\/","about":["Elektro"],"wordCount":465,"articleBody":"Kto nem\u00e1 su\u0161i\u010dku, v\u00a0dne\u0161nej dobe akoby ani neexistoval. Priznajte si, m\u00e1te ju doma? Pou\u017e\u00edvate ju skoro ka\u017ed\u00fd de\u0148? Alebo patr\u00edte medzi \u013eud\u00ed, ktor\u00ed si e\u0161te su\u0161i\u010dku pr\u00e1dla nek\u00fapili?\u00a0Su\u0161i\u010dka bielizne je v\u00a0dne\u0161nej dobe ve\u013emi roz\u0161\u00edren\u00e1. Za\u010d\u00edna ju pou\u017e\u00edva\u0165 \u010doraz viac \u013eud\u00ed. St\u00e1va sa neodmyslite\u013enou s\u00fa\u010das\u0165ou ka\u017edej dom\u00e1cnosti. M\u00e1te ju u\u017e aj vy? Ak patr\u00edte k\u00a0\u013eu\u010fom, \u010do e\u0161te su\u0161ia svoje pr\u00e1dlo na su\u0161iakoch v\u00a0byte, mali by ste sa zamyslie\u0165. Ani by ste neverili, ko\u013eko \u010dasu a\u00a0priestoru v\u00e1m su\u0161i\u010dka bielizne u\u0161etr\u00ed. Ani ja som nemala e\u0161te pred p\u00e1r rokmi su\u0161i\u010dku pr\u00e1dla.\u00a0Pr\u00e1dlo som vyprala v\u00a0pr\u00e1\u010dke a\u00a0rozlo\u017eila na su\u0161iak v\u00a0byte. \u00a0\u00a0Su\u0161iak bol \u010dasto mohutn\u00fd a\u00a0zberal a\u017e pr\u00edli\u0161 ve\u013ea priestoru, ktor\u00fd by sa dal vyu\u017ei\u0165 aj inak\u0161ie. Aj ke\u010f m\u00e1m mali\u010dk\u00fa bytov\u00fa k\u00fape\u013e\u0148u, zaobstarala som si su\u0161i\u010dku. Su\u0161i\u010dku som umiestnila nad pr\u00e1\u010dku pomocou medzikusu medzi dan\u00fdmi spotrebi\u010dmi. Je to ve\u013emi u\u017eito\u010dn\u00e9 rie\u0161enie, ak nem\u00e1te ve\u013ek\u00fa k\u00fape\u013e\u0148u vo va\u0161om byte alebo rodinnom dome. Netu\u0161ila som, \u017ee su\u0161i\u010dka mi tak pom\u00f4\u017ee s\u00a0be\u017en\u00fdmi povinnos\u0165ami.\u00a0Po vyprat\u00ed oble\u010denia ich prehod\u00edm do su\u0161i\u010dky pr\u00e1dla. Ke\u010f\u017ee su\u0161i\u010dka m\u00e1 vlastn\u00fd z\u00e1sobn\u00edk na prebyto\u010dn\u00fa vodu, nemusela som rie\u0161i\u0165 odpadov\u00e9 r\u00fary ani prer\u00e1banie k\u00fape\u013ene. \u00a0\u00a0Vlo\u017een\u00e9 oble\u010denie zapnem jednoduch\u00fdm oto\u010den\u00edm kolieska a\u00a0ur\u010d\u00edm dobu su\u0161enia aj spr\u00e1vny program pod\u013ea typov oble\u010denia. Rozli\u0161ujem akur\u00e1t tak farby. Je to ve\u013emi jednoduch\u00e9 a\u00a0zvl\u00e1dne to aj \u00fapln\u00fd za\u010diato\u010dn\u00edk.\u00a0Po vysu\u0161en\u00ed pr\u00e1dla mi su\u0161i\u010dka ozn\u00e1mi, \u017ee je pr\u00e1dlo such\u00e9 a\u00a0ja m\u00f4\u017eem bielize\u0148 vybra\u0165 zo su\u0161i\u010dky. Nepotrebujete pou\u017e\u00edva\u0165 \u017eehli\u010dku. Oble\u010denie sta\u010d\u00ed hne\u010f posklada\u0165 a\u00a0je dokonale rovn\u00e9. Od zak\u00fapenia su\u0161i\u010dky na pr\u00e1dlo sa mi u\u013eah\u010dil \u017eivot. Pri dvoch de\u0165och a\u00a0man\u017eelovi m\u00e1m pr\u00e1dla a\u017e prive\u013ea, ale s\u00a0pomocou su\u0161i\u010dky to v\u017edy zvl\u00e1dnem ve\u013emi r\u00fdchlo a\u00a0nen\u00e1ro\u010dne.\u00a0Nikdy nebudem \u013eutova\u0165, \u017ee som si zak\u00fapila su\u0161i\u010dku na bielize\u0148. Mali by ste o\u00a0nej uva\u017eova\u0165 a\u00a0zadov\u00e1\u017ei\u0165 si ju tie\u017e. Va\u0161e pr\u00e1dlo bude r\u00fdchlo pripraven\u00e9 na odlo\u017eenie do va\u0161ej \u0161atn\u00edkovej skrine.                                                                                                                                                                                                                                                                                                                                                                                        4.3\/5 - (11 votes)        "},{"@context":"https:\/\/schema.org\/","@type":"BreadcrumbList","itemListElement":[{"@type":"ListItem","position":1,"name":"Ako vyu\u017e\u00edvate su\u0161i\u010dku?","item":"https:\/\/www.bedex.sk\/ako-vyuzivate-susicku\/#breadcrumbitem"}]}]